{"id":14235,"date":"2023-01-31T14:23:50","date_gmt":"2023-01-31T14:23:50","guid":{"rendered":"https:\/\/addwill.eu\/participacio-de-gabriel-albendea-i-albert-folguera-a-la-conferencia-sobre-novetats-fiscals-2023-de-lassociacio-dempresa-dalcobendas\/"},"modified":"2023-01-31T14:25:20","modified_gmt":"2023-01-31T14:25:20","slug":"participacio-de-gabriel-albendea-i-albert-folguera-a-la-conferencia-sobre-novetats-fiscals-2023-de-lassociacio-dempresa-dalcobendas","status":"publish","type":"post","link":"https:\/\/addwill.eu\/ca\/participacio-de-gabriel-albendea-i-albert-folguera-a-la-conferencia-sobre-novetats-fiscals-2023-de-lassociacio-dempresa-dalcobendas\/","title":{"rendered":"Participaci\u00f3 de Gabriel Albendea i Albert Folguera a la confer\u00e8ncia sobre Novetats Fiscals 2023 de l\u2019Associaci\u00f3 d\u2019Empresa d\u2019Alcobendas"},"content":{"rendered":"<p style=\"text-align: justify;\">El proper dijous, 2 de febrer, Gabriel Albendea i Albert Folguera, socis d&#8217;<strong>addwill <\/strong>de les \u00e0rees de fiscal de les oficines de Madrid i Barcelona, respectivament, participaran com a ponents al f\u00f2rum \u201cEsmorzar de treball: Novetats fiscals de 2023\u201d que tindr\u00e0 lloc a la seu d&#8217;AICA, a Alcobendas, Madrid.<\/p>\n<p style=\"text-align: justify;\">Gabriel Albendea \u00e9s soci del Departament Tributari i responsable de l&#8217;oficina de Madrid d&#8217;<strong>addwill<\/strong> i compta amb una dilatada experi\u00e8ncia en fiscalitat corporativa de grups multinacionals amb pres\u00e8ncia a Espanya, aix\u00ed com en feines d&#8217;assessorament fiscal recurrent, operacions de reestructuraci\u00f3 empresarial i inspeccions i litigis fiscals.<\/p>\n<p style=\"text-align: justify;\">Albert Folguera \u00e9s soci a <strong>addwill<\/strong>, president de la Secci\u00f3 de Dret Fiscal i Financer de l&#8217;ICAB, coordinador del Grup d&#8217;Experts en Impostos indirectes d&#8217;AEDAF i membre de la xarxa internacional International Tax Specialist Group (ITSG).<\/p>\n<p style=\"text-align: justify;\">A l&#8217;acte es tractaran els temes que es detallen al seg\u00fcent resum del programa:<\/p>\n<p style=\"text-align: justify;\"><strong> <img decoding=\"async\" class=\"size-full wp-image-14227 aligncenter\" src=\"https:\/\/addwill.eu\/wp-content\/uploads\/2023\/01\/Imagen-1.jpg\" alt=\"\" width=\"668\" height=\"378\" srcset=\"https:\/\/addwill.eu\/wp-content\/uploads\/2023\/01\/Imagen-1-200x113.jpg 200w, https:\/\/addwill.eu\/wp-content\/uploads\/2023\/01\/Imagen-1-300x170.jpg 300w, https:\/\/addwill.eu\/wp-content\/uploads\/2023\/01\/Imagen-1-400x226.jpg 400w, https:\/\/addwill.eu\/wp-content\/uploads\/2023\/01\/Imagen-1-600x340.jpg 600w, https:\/\/addwill.eu\/wp-content\/uploads\/2023\/01\/Imagen-1.jpg 668w\" sizes=\"(max-width: 668px) 100vw, 668px\" \/><\/strong><\/p>\n<p style=\"text-align: justify;\">Des d\u2019<strong>addwill<\/strong> us animem a inscriure-us a aquesta confer\u00e8ncia organitzada per l&#8217;AICA a trav\u00e9s del seg\u00fcent enlla\u00e7:<\/p>\n<p style=\"text-align: justify;\"><a href=\"https:\/\/www.eventbrite.es\/e\/entradas-novedades-fiscales-para-2023-516461920507\"><em>https:\/\/www.eventbrite.es\/e\/entradas-novedades-fiscales-para-2023-516461920507<\/em><\/a><\/p>\n<p style=\"text-align: justify;\">Aprofitem per convidar-vos a navegar per la nostra web i con\u00e8ixer m\u00e9s sobre <strong>addwill<\/strong> i els seus professionals, aix\u00ed com per recordar-vos que si voleu obtenir el nostre assessorament professional podeu contactar amb nosaltres a trav\u00e9s del formulari. Estarem encantats d&#8217;ajudar-vos.<\/p>\n","protected":false},"excerpt":{"rendered":"<p>El proper dijous, 2 de febrer, Gabriel Albendea i Albert Folguera, socis d&#8217;addwill de les \u00e0rees de fiscal de les oficines de Madrid i  [&#8230;]<\/p>\n","protected":false},"author":14,"featured_media":14233,"comment_status":"open","ping_status":"open","sticky":false,"template":"","format":"standard","meta":{"footnotes":""},"categories":[1296],"tags":[],"class_list":["post-14235","post","type-post","status-publish","format-standard","has-post-thumbnail","hentry","category-news-ca"],"_links":{"self":[{"href":"https:\/\/addwill.eu\/ca\/wp-json\/wp\/v2\/posts\/14235","targetHints":{"allow":["GET"]}}],"collection":[{"href":"https:\/\/addwill.eu\/ca\/wp-json\/wp\/v2\/posts"}],"about":[{"href":"https:\/\/addwill.eu\/ca\/wp-json\/wp\/v2\/types\/post"}],"author":[{"embeddable":true,"href":"https:\/\/addwill.eu\/ca\/wp-json\/wp\/v2\/users\/14"}],"replies":[{"embeddable":true,"href":"https:\/\/addwill.eu\/ca\/wp-json\/wp\/v2\/comments?post=14235"}],"version-history":[{"count":2,"href":"https:\/\/addwill.eu\/ca\/wp-json\/wp\/v2\/posts\/14235\/revisions"}],"predecessor-version":[{"id":14237,"href":"https:\/\/addwill.eu\/ca\/wp-json\/wp\/v2\/posts\/14235\/revisions\/14237"}],"wp:featuredmedia":[{"embeddable":true,"href":"https:\/\/addwill.eu\/ca\/wp-json\/wp\/v2\/media\/14233"}],"wp:attachment":[{"href":"https:\/\/addwill.eu\/ca\/wp-json\/wp\/v2\/media?parent=14235"}],"wp:term":[{"taxonomy":"category","embeddable":true,"href":"https:\/\/addwill.eu\/ca\/wp-json\/wp\/v2\/categories?post=14235"},{"taxonomy":"post_tag","embeddable":true,"href":"https:\/\/addwill.eu\/ca\/wp-json\/wp\/v2\/tags?post=14235"}],"curies":[{"name":"wp","href":"https:\/\/api.w.org\/{rel}","templated":true}]}}