{"id":14801,"date":"2023-03-28T14:06:41","date_gmt":"2023-03-28T14:06:41","guid":{"rendered":"https:\/\/addwill.eu\/conveni-fiscal-entre-andorra-i-corea-del-sud-per-eliminar-la-doble-imposicio\/"},"modified":"2023-03-28T14:09:17","modified_gmt":"2023-03-28T14:09:17","slug":"conveni-fiscal-entre-andorra-i-corea-del-sud-per-eliminar-la-doble-imposicio","status":"publish","type":"post","link":"https:\/\/addwill.eu\/ca\/conveni-fiscal-entre-andorra-i-corea-del-sud-per-eliminar-la-doble-imposicio\/","title":{"rendered":"Conveni fiscal entre Andorra  i Corea del Sud per eliminar la doble imposici\u00f3"},"content":{"rendered":"<p>&nbsp;<\/p>\n<p style=\"text-align: justify;\">El dijous 23 de mar\u00e7 les delegacions del Principat i de Corea del Sud van finalitzar presencialment al Principat d\u2019Andorra les negociacions del conveni per <strong>eliminar la doble imposici\u00f3 (CDI), pel que fa als impostos sobre la renda i la prevenci\u00f3 de l&#8217;evasi\u00f3 i l&#8217;elusi\u00f3 fiscals<\/strong>.<\/p>\n<p style=\"text-align: justify;\">Les negociacions s\u2019han concl\u00f2s amb la r\u00fabrica del text acordat per ambdues parts, com a punt de partida perqu\u00e8 Andorra i Corea del Sud inici\u00efn els tr\u00e0mits interns que els han de permetre la signatura del text i la seva posterior aprovaci\u00f3 per part dels dos Estats.<\/p>\n<p style=\"text-align: justify;\">Aquest \u00e9s el segon conveni per evitar la doble imposici\u00f3 i prevenir l&#8217;evasi\u00f3 fiscal que t\u00e9 Andorra amb un pa\u00eds asi\u00e0tic, i en total el <strong>16\u00e8 conveni negociat per Andorra<\/strong> i que s&#8217;afegeix a Emirats \u00c0rabs Units, Espanya, Fran\u00e7a, Liechtenstein, Luxemburg, Malta, Portugal, Xipre, San Marino, Hongria, Rep\u00fablica Txeca, Pa\u00efsos Baixos, Cro\u00e0cia, M\u00f2naco i Isl\u00e0ndia.<\/p>\n<p style=\"text-align: justify;\">Si necessiteu m\u00e9s informaci\u00f3 detallada sobre aquesta not\u00edcia, no dubteu a contactar amb la nostra oficina d\u2019<strong>addwill<\/strong> a Andorra a l\u2019email <a href=\"mailto:andorra@addwill.eu\">andorra@addwill.eu<\/a> o al tel\u00e8fon +376 833 333, o si ho preferiu podeu plantejar-nos la vostra consulta a trav\u00e9s del nostre formulari fent <a href=\"https:\/\/addwill.eu\/ca\/contactar\/\"><em>clic aqu\u00ed<\/em><\/a>.<\/p>\n","protected":false},"excerpt":{"rendered":"<p>&nbsp; El dijous 23 de mar\u00e7 les delegacions del Principat i de Corea del Sud van finalitzar presencialment al Principat d\u2019Andorra les negociacions del  [&#8230;]<\/p>\n","protected":false},"author":14,"featured_media":14798,"comment_status":"open","ping_status":"open","sticky":false,"template":"","format":"standard","meta":{"footnotes":""},"categories":[884,888],"tags":[],"class_list":["post-14801","post","type-post","status-publish","format-standard","has-post-thumbnail","hentry","category-andorra-ca","category-fiscal-ca"],"_links":{"self":[{"href":"https:\/\/addwill.eu\/ca\/wp-json\/wp\/v2\/posts\/14801","targetHints":{"allow":["GET"]}}],"collection":[{"href":"https:\/\/addwill.eu\/ca\/wp-json\/wp\/v2\/posts"}],"about":[{"href":"https:\/\/addwill.eu\/ca\/wp-json\/wp\/v2\/types\/post"}],"author":[{"embeddable":true,"href":"https:\/\/addwill.eu\/ca\/wp-json\/wp\/v2\/users\/14"}],"replies":[{"embeddable":true,"href":"https:\/\/addwill.eu\/ca\/wp-json\/wp\/v2\/comments?post=14801"}],"version-history":[{"count":2,"href":"https:\/\/addwill.eu\/ca\/wp-json\/wp\/v2\/posts\/14801\/revisions"}],"predecessor-version":[{"id":14805,"href":"https:\/\/addwill.eu\/ca\/wp-json\/wp\/v2\/posts\/14801\/revisions\/14805"}],"wp:featuredmedia":[{"embeddable":true,"href":"https:\/\/addwill.eu\/ca\/wp-json\/wp\/v2\/media\/14798"}],"wp:attachment":[{"href":"https:\/\/addwill.eu\/ca\/wp-json\/wp\/v2\/media?parent=14801"}],"wp:term":[{"taxonomy":"category","embeddable":true,"href":"https:\/\/addwill.eu\/ca\/wp-json\/wp\/v2\/categories?post=14801"},{"taxonomy":"post_tag","embeddable":true,"href":"https:\/\/addwill.eu\/ca\/wp-json\/wp\/v2\/tags?post=14801"}],"curies":[{"name":"wp","href":"https:\/\/api.w.org\/{rel}","templated":true}]}}