{"id":15340,"date":"2023-05-24T06:42:24","date_gmt":"2023-05-24T06:42:24","guid":{"rendered":"https:\/\/addwill.eu\/assistencia-dalbert-folguera-i-beatriz-argiles-a-la-spring-european-conference-del-international-tax-specialist-group-itsg-a-portugal\/"},"modified":"2023-05-24T08:04:00","modified_gmt":"2023-05-24T08:04:00","slug":"assistencia-dalbert-folguera-i-beatriz-argiles-a-la-spring-european-conference-del-international-tax-specialist-group-itsg-a-portugal","status":"publish","type":"post","link":"https:\/\/addwill.eu\/ca\/assistencia-dalbert-folguera-i-beatriz-argiles-a-la-spring-european-conference-del-international-tax-specialist-group-itsg-a-portugal\/","title":{"rendered":"Assist\u00e8ncia d&#8217;Albert Folguera i Beatriz Argil\u00e9s a la Spring European Conference del International Tax Specialist Group (ITSG) a Portugal"},"content":{"rendered":"<p>&nbsp;<\/p>\n<p style=\"text-align: justify;\"><strong>Albert Folguera<\/strong> i Beatriz <strong>Argil\u00e9s<\/strong>, soci del departament fiscal d&#8217;<strong>addwill<\/strong> i responsable de l&#8217;International Desk d&#8217;<strong>addwill<\/strong> respectivament, van assistir a la confer\u00e8ncia de primavera del INTERNATIONAL TAX SPECIALIST GROUP (ITSG) que va tenir lloc al The Lodge Hotel a Gaia &#8211; Porto, Portugal, de l\u201911 al 13 de maig de 2023.<\/p>\n<p style=\"text-align: justify;\">Albert Folguera, com a membre d&#8217;aquesta xarxa internacional, va participar com a ponent en el tema de l&#8217;IVA. La confer\u00e8ncia tamb\u00e9 va abordar els seg\u00fcents temes: Tend\u00e8ncies i aven\u00e7os en la fiscalitat de les criptomonedes a Europa (incloent DAC8 i MICA), novetats en la tributaci\u00f3 dels fide\u00efcomisos i fiscalitat dels n\u00f2mades digitals.<\/p>\n<p style=\"text-align: justify;\">Cada any, el ITSG celebra dues confer\u00e8ncies: una confer\u00e8ncia europea i una confer\u00e8ncia mundial. A continuaci\u00f3, es presenta un resum del programa d&#8217;aquesta \u00faltima confer\u00e8ncia:<\/p>\n<p><img decoding=\"async\" class=\"alignnone size-full wp-image-15353 aligncenter\" src=\"https:\/\/addwill.eu\/wp-content\/uploads\/2023\/05\/Captura-de-Pantalla-2023-05-24-a-las-10.02.48.png\" alt=\"\" width=\"498\" height=\"681\" srcset=\"https:\/\/addwill.eu\/wp-content\/uploads\/2023\/05\/Captura-de-Pantalla-2023-05-24-a-las-10.02.48-200x273.png 200w, https:\/\/addwill.eu\/wp-content\/uploads\/2023\/05\/Captura-de-Pantalla-2023-05-24-a-las-10.02.48-219x300.png 219w, https:\/\/addwill.eu\/wp-content\/uploads\/2023\/05\/Captura-de-Pantalla-2023-05-24-a-las-10.02.48-400x547.png 400w, https:\/\/addwill.eu\/wp-content\/uploads\/2023\/05\/Captura-de-Pantalla-2023-05-24-a-las-10.02.48.png 498w\" sizes=\"(max-width: 498px) 100vw, 498px\" \/><\/p>\n<p style=\"text-align: justify;\">El ITSG \u00e9s una xarxa internacional composta per experts en impostos, amb representants en m\u00e9s de 50 pa\u00efsos al voltant del m\u00f3n. El seu objectiu principal \u00e9s oferir assessorament fiscal internacional de qualitat, pr\u00e0ctic i creatiu a nivell global. Cada membre de l&#8217;ITSG t\u00e9 una \u00e0mplia experi\u00e8ncia en planificaci\u00f3 fiscal internacional i \u00e9s reconegut com a tal pels seus col\u00b7legues. Aquest equip d&#8217;assessors internacionals \u00e9s excepcional, ja que es mant\u00e9 en constant comunicaci\u00f3 amb els esdeveniments mundials i t\u00e9 un coneixement pr\u00e0ctic dels sistemes tributaris de diferents pa\u00efsos.<\/p>\n<p style=\"text-align: justify;\">Per a Albert Folguera, Beatriz Argil\u00e9s i per a <strong>addwill<\/strong>, ha estat un plaer assistir a aquesta confer\u00e8ncia i compartir experi\u00e8ncies amb altres col\u00b7legues membres de l&#8217;ITSG, provinents de diverses \u00e0rees d&#8217;especialitzaci\u00f3.<\/p>\n<p style=\"text-align: justify;\">Us convidem a explorar el nostre lloc web per con\u00e8ixer m\u00e9s sobre <strong>addwill<\/strong> i els nostres professionals. A m\u00e9s, ens agradaria recordar-vos que estem a la vostra disposici\u00f3 per oferir-vos assessorament professional. No dubteu en posar-vos en contacte amb nosaltres a trav\u00e9s del <a href=\"https:\/\/addwill.eu\/ca\/contactar\/\"><em>formulari de contacte<\/em><\/a>. Estarem encantats d&#8217;ajudar-vos en all\u00f2 que necessiteu.<\/p>\n","protected":false},"excerpt":{"rendered":"<p>&nbsp; Albert Folguera i Beatriz Argil\u00e9s, soci del departament fiscal d&#8217;addwill i responsable de l&#8217;International Desk d&#8217;addwill respectivament, van assistir a la confer\u00e8ncia de  [&#8230;]<\/p>\n","protected":false},"author":14,"featured_media":15263,"comment_status":"open","ping_status":"open","sticky":false,"template":"","format":"standard","meta":{"footnotes":""},"categories":[1296],"tags":[],"class_list":["post-15340","post","type-post","status-publish","format-standard","has-post-thumbnail","hentry","category-news-ca"],"_links":{"self":[{"href":"https:\/\/addwill.eu\/ca\/wp-json\/wp\/v2\/posts\/15340","targetHints":{"allow":["GET"]}}],"collection":[{"href":"https:\/\/addwill.eu\/ca\/wp-json\/wp\/v2\/posts"}],"about":[{"href":"https:\/\/addwill.eu\/ca\/wp-json\/wp\/v2\/types\/post"}],"author":[{"embeddable":true,"href":"https:\/\/addwill.eu\/ca\/wp-json\/wp\/v2\/users\/14"}],"replies":[{"embeddable":true,"href":"https:\/\/addwill.eu\/ca\/wp-json\/wp\/v2\/comments?post=15340"}],"version-history":[{"count":4,"href":"https:\/\/addwill.eu\/ca\/wp-json\/wp\/v2\/posts\/15340\/revisions"}],"predecessor-version":[{"id":15356,"href":"https:\/\/addwill.eu\/ca\/wp-json\/wp\/v2\/posts\/15340\/revisions\/15356"}],"wp:featuredmedia":[{"embeddable":true,"href":"https:\/\/addwill.eu\/ca\/wp-json\/wp\/v2\/media\/15263"}],"wp:attachment":[{"href":"https:\/\/addwill.eu\/ca\/wp-json\/wp\/v2\/media?parent=15340"}],"wp:term":[{"taxonomy":"category","embeddable":true,"href":"https:\/\/addwill.eu\/ca\/wp-json\/wp\/v2\/categories?post=15340"},{"taxonomy":"post_tag","embeddable":true,"href":"https:\/\/addwill.eu\/ca\/wp-json\/wp\/v2\/tags?post=15340"}],"curies":[{"name":"wp","href":"https:\/\/api.w.org\/{rel}","templated":true}]}}