{"id":18129,"date":"2023-11-02T09:12:01","date_gmt":"2023-11-02T09:12:01","guid":{"rendered":"https:\/\/addwill.eu\/requisits-per-treballar-a-andorra-durant-la-temporada-dhivern\/"},"modified":"2023-11-02T09:13:59","modified_gmt":"2023-11-02T09:13:59","slug":"requisits-per-treballar-a-andorra-durant-la-temporada-dhivern","status":"publish","type":"post","link":"https:\/\/addwill.eu\/ca\/requisits-per-treballar-a-andorra-durant-la-temporada-dhivern\/","title":{"rendered":"Requisits per treballar a Andorra durant la temporada d&#8217;hivern"},"content":{"rendered":"<p>&nbsp;<\/p>\n<p style=\"text-align: justify;\">El Ministeri de Just\u00edcia i Interior, a trav\u00e9s del Servei d&#8217;Immigraci\u00f3, ha elaborat un complet <strong>document que detalla tots els requeriments que els treballadors temporers han de satisfer per poder accedir a les oportunitats laborals durant la temporada d&#8217;hivern<\/strong>.<\/p>\n<p style=\"text-align: justify;\">L&#8217;objectiu fonamental \u00e9s <u>assegurar que els treballadors tinguin un coneixement clar i detallat dels criteris que han de complir<\/u>, amb l&#8217;esperan\u00e7a de prevenir situacions com les que es van experimentar l&#8217;any anterior, quan una onada de temporers es va trobar sense feina ni allotjament, mentre intentaven trobar una ocupaci\u00f3.<\/p>\n<p style=\"text-align: justify;\">Els aspirants han de comptar amb un contracte de treball v\u00e0lid o ser capa\u00e7os de demostrar que tenen garantit l&#8217;allotjament. Aquests s\u00f3n dos dels requeriments crucials que els treballadors que desitgen treballar a Andorra durant la temporada d&#8217;hivern han de satisfer per obtenir <strong>l&#8217;autoritzaci\u00f3 de treball i resid\u00e8ncia temporal<\/strong>.<\/p>\n<p style=\"text-align: justify;\">Per a aquells que estan fent la seva primera incursi\u00f3 a Andorra amb finalitats laborals, caldr\u00e0 tamb\u00e9 que puguin acreditar la seva formaci\u00f3 adequada o comptar amb un historial de dos anys d&#8217;experi\u00e8ncia relacionada amb la posici\u00f3 laboral sol\u00b7licitada. Altres documents que hauran de ser presentats inclouen el certificat d&#8217;antecedents penals.<\/p>\n<p style=\"text-align: justify;\">L&#8217;Associaci\u00f3 Argentins a Andorra ja ha dif\u00f3s aquest document, que es troba disponible al lloc web d&#8217;Immigraci\u00f3. Aix\u00f2 ha estat rebut amb entusiasme, ja que ajuda a desfer els dubtes que poden sorgir entre els temporers.<\/p>\n<p style=\"text-align: justify;\">Per a m\u00e9s informaci\u00f3 sobre la documentaci\u00f3 necess\u00e0ria p<u>er obtenir l&#8217;Autoritzaci\u00f3 d&#8217;Immigraci\u00f3 Temporal, podeu consultar el seg\u00fcent enlla\u00e7<\/u>:<\/p>\n<p style=\"text-align: justify;\"><a href=\"https:\/\/www.immigracio.ad\/ca\/g-1-autoritzacio-d-immigracio-temporal\"><em>https:\/\/www.immigracio.ad\/ca\/g-1-autoritzacio-d-immigracio-tempora<\/em>l<\/a><\/p>\n<p style=\"text-align: justify;\">Aquesta autoritzaci\u00f3 us permetr\u00e0 treballar i viure temporalment al Principat d&#8217;Andorra mentre sigui v\u00e0lida la vostra autoritzaci\u00f3.<\/p>\n<p style=\"text-align: justify;\">\u00c9s essencial que tots els documents oficials lliurats per autoritats estrangeres siguin presentats amb la postil\u00b7la de la Convenci\u00f3 de la Haia o degudament legalitzats.<\/p>\n<p style=\"text-align: justify;\">Per a m\u00e9s informaci\u00f3 sobre aquesta q\u00fcesti\u00f3, o si necessiteu assessorament i ajut per a la tramitaci\u00f3 , no dubteu a contactar amb la nostra oficina d\u2019<strong>addwill<\/strong> a Andorra a trav\u00e9s de l\u2019email andorra@addwill.eu, o del tel\u00e8fon +376 833 333.<\/p>\n","protected":false},"excerpt":{"rendered":"<p>&nbsp; El Ministeri de Just\u00edcia i Interior, a trav\u00e9s del Servei d&#8217;Immigraci\u00f3, ha elaborat un complet document que detalla tots els requeriments que els  [&#8230;]<\/p>\n","protected":false},"author":14,"featured_media":18126,"comment_status":"open","ping_status":"open","sticky":false,"template":"","format":"standard","meta":{"footnotes":""},"categories":[884],"tags":[],"class_list":["post-18129","post","type-post","status-publish","format-standard","has-post-thumbnail","hentry","category-andorra-ca"],"_links":{"self":[{"href":"https:\/\/addwill.eu\/ca\/wp-json\/wp\/v2\/posts\/18129","targetHints":{"allow":["GET"]}}],"collection":[{"href":"https:\/\/addwill.eu\/ca\/wp-json\/wp\/v2\/posts"}],"about":[{"href":"https:\/\/addwill.eu\/ca\/wp-json\/wp\/v2\/types\/post"}],"author":[{"embeddable":true,"href":"https:\/\/addwill.eu\/ca\/wp-json\/wp\/v2\/users\/14"}],"replies":[{"embeddable":true,"href":"https:\/\/addwill.eu\/ca\/wp-json\/wp\/v2\/comments?post=18129"}],"version-history":[{"count":2,"href":"https:\/\/addwill.eu\/ca\/wp-json\/wp\/v2\/posts\/18129\/revisions"}],"predecessor-version":[{"id":18132,"href":"https:\/\/addwill.eu\/ca\/wp-json\/wp\/v2\/posts\/18129\/revisions\/18132"}],"wp:featuredmedia":[{"embeddable":true,"href":"https:\/\/addwill.eu\/ca\/wp-json\/wp\/v2\/media\/18126"}],"wp:attachment":[{"href":"https:\/\/addwill.eu\/ca\/wp-json\/wp\/v2\/media?parent=18129"}],"wp:term":[{"taxonomy":"category","embeddable":true,"href":"https:\/\/addwill.eu\/ca\/wp-json\/wp\/v2\/categories?post=18129"},{"taxonomy":"post_tag","embeddable":true,"href":"https:\/\/addwill.eu\/ca\/wp-json\/wp\/v2\/tags?post=18129"}],"curies":[{"name":"wp","href":"https:\/\/api.w.org\/{rel}","templated":true}]}}