{"id":25454,"date":"2025-03-19T13:09:49","date_gmt":"2025-03-19T12:09:49","guid":{"rendered":"https:\/\/addwill.eu\/?p=25454"},"modified":"2025-06-05T14:34:55","modified_gmt":"2025-06-05T12:34:55","slug":"autonoms-2025-noves-quotes-i-canvis-a-tenir-en-compte","status":"publish","type":"post","link":"https:\/\/addwill.eu\/ca\/autonoms-2025-noves-quotes-i-canvis-a-tenir-en-compte\/","title":{"rendered":"Aut\u00f2noms 2025: Noves quotes i canvis a tenir en compte"},"content":{"rendered":"<p>&nbsp;<\/p>\n<p style=\"text-align: justify;\">Des de l\u2019<strong>1 de gener de 2025<\/strong>, han entrat en vigor les <strong>noves bases de cotitzaci\u00f3 per als treballadors per compte propi o aut\u00f2noms<\/strong> dins del R\u00e8gim Especial de la Seguretat Social <strong>(RETA)<\/strong>.<\/p>\n<p style=\"text-align: justify;\"><strong>Bases de cotitzaci\u00f3 per al 2025<\/strong><\/p>\n<p style=\"text-align: justify;\">Enguany, la base m\u00e0xima de cotitzaci\u00f3 s\u2019estableix en <strong>4.909,50 euros mensuals<\/strong>, aplicant-se les seg\u00fcents taules de cotitzaci\u00f3 segons els trams de rendiments nets.<\/p>\n<p style=\"text-align: justify;\">Les bases de cotitzaci\u00f3 dependran dels <strong>rendiments nets<\/strong> de l\u2019aut\u00f2nom, aplicant-se la seg\u00fcent <strong>taula de cotitzacions per al 2025<\/strong>:<\/p>\n<p style=\"text-align: justify;\"><img decoding=\"async\" class=\"alignnone wp-image-27152 size-full\" src=\"https:\/\/addwill.eu\/wp-content\/uploads\/2025\/03\/Trams-cotitzacions.png\" alt=\"\" width=\"618\" height=\"392\" srcset=\"https:\/\/addwill.eu\/wp-content\/uploads\/2025\/03\/Trams-cotitzacions-200x127.png 200w, https:\/\/addwill.eu\/wp-content\/uploads\/2025\/03\/Trams-cotitzacions-300x190.png 300w, https:\/\/addwill.eu\/wp-content\/uploads\/2025\/03\/Trams-cotitzacions-320x202.png 320w, https:\/\/addwill.eu\/wp-content\/uploads\/2025\/03\/Trams-cotitzacions-400x254.png 400w, https:\/\/addwill.eu\/wp-content\/uploads\/2025\/03\/Trams-cotitzacions-600x381.png 600w, https:\/\/addwill.eu\/wp-content\/uploads\/2025\/03\/Trams-cotitzacions.png 618w\" sizes=\"(max-width: 618px) 100vw, 618px\" \/><\/p>\n<p style=\"text-align: justify;\"><strong>Novetat en el RETA<\/strong><\/p>\n<p style=\"text-align: justify;\">S\u2019ha habilitat un tr\u00e0mit espec\u00edfic per als aut\u00f2noms que, a <strong>1 de gener de 2025<\/strong>, estiguessin cotitzant per <strong>4.720,50 euros mensuals<\/strong>. Aquests podran sol\u00b7licitar, fins al <strong>31 de mar\u00e7 de 2025<\/strong>, una base de cotitzaci\u00f3 compresa entre aquesta quantia i la nova base m\u00e0xima de <strong>4.909,50 euros mensuals<\/strong>, segons la seg\u00fcent taula:<\/p>\n<p style=\"text-align: justify;\"><img decoding=\"async\" class=\"alignnone wp-image-25462 \" src=\"https:\/\/addwill.eu\/wp-content\/uploads\/2025\/03\/bases-cotitz.jpg\" alt=\"\" width=\"633\" height=\"74\" srcset=\"https:\/\/addwill.eu\/wp-content\/uploads\/2025\/03\/bases-cotitz-200x23.jpg 200w, https:\/\/addwill.eu\/wp-content\/uploads\/2025\/03\/bases-cotitz-300x35.jpg 300w, https:\/\/addwill.eu\/wp-content\/uploads\/2025\/03\/bases-cotitz-400x47.jpg 400w, https:\/\/addwill.eu\/wp-content\/uploads\/2025\/03\/bases-cotitz-600x70.jpg 600w, https:\/\/addwill.eu\/wp-content\/uploads\/2025\/03\/bases-cotitz.jpg 752w\" sizes=\"(max-width: 633px) 100vw, 633px\" \/><\/p>\n<p style=\"text-align: justify;\">Si necessiteu m\u00e9s informaci\u00f3 o una simulaci\u00f3 personalitzada, no dubteu a contactar amb el nostre departament laboral. Estem a la vostra disposici\u00f3 per a qualsevol consulta a l&#8217;email laboral@addwill.eu, al tel\u00e8fon +34 93 487 52 00 o fent <a href=\"https:\/\/addwill.eu\/ca\/contactar\/\"><em>clic aqu\u00ed<\/em><\/a>.<\/p>\n","protected":false},"excerpt":{"rendered":"<p>&nbsp; Des de l\u20191 de gener de 2025, han entrat en vigor les noves bases de cotitzaci\u00f3 per als treballadors per compte propi o  [&#8230;]<\/p>\n","protected":false},"author":12,"featured_media":25447,"comment_status":"open","ping_status":"open","sticky":false,"template":"","format":"standard","meta":{"footnotes":""},"categories":[1002],"tags":[],"class_list":["post-25454","post","type-post","status-publish","format-standard","has-post-thumbnail","hentry","category-laboral-ca"],"_links":{"self":[{"href":"https:\/\/addwill.eu\/ca\/wp-json\/wp\/v2\/posts\/25454","targetHints":{"allow":["GET"]}}],"collection":[{"href":"https:\/\/addwill.eu\/ca\/wp-json\/wp\/v2\/posts"}],"about":[{"href":"https:\/\/addwill.eu\/ca\/wp-json\/wp\/v2\/types\/post"}],"author":[{"embeddable":true,"href":"https:\/\/addwill.eu\/ca\/wp-json\/wp\/v2\/users\/12"}],"replies":[{"embeddable":true,"href":"https:\/\/addwill.eu\/ca\/wp-json\/wp\/v2\/comments?post=25454"}],"version-history":[{"count":4,"href":"https:\/\/addwill.eu\/ca\/wp-json\/wp\/v2\/posts\/25454\/revisions"}],"predecessor-version":[{"id":27159,"href":"https:\/\/addwill.eu\/ca\/wp-json\/wp\/v2\/posts\/25454\/revisions\/27159"}],"wp:featuredmedia":[{"embeddable":true,"href":"https:\/\/addwill.eu\/ca\/wp-json\/wp\/v2\/media\/25447"}],"wp:attachment":[{"href":"https:\/\/addwill.eu\/ca\/wp-json\/wp\/v2\/media?parent=25454"}],"wp:term":[{"taxonomy":"category","embeddable":true,"href":"https:\/\/addwill.eu\/ca\/wp-json\/wp\/v2\/categories?post=25454"},{"taxonomy":"post_tag","embeddable":true,"href":"https:\/\/addwill.eu\/ca\/wp-json\/wp\/v2\/tags?post=25454"}],"curies":[{"name":"wp","href":"https:\/\/api.w.org\/{rel}","templated":true}]}}