{"id":33613,"date":"2026-04-27T12:18:09","date_gmt":"2026-04-27T10:18:09","guid":{"rendered":"https:\/\/addwill.eu\/?p=33613"},"modified":"2026-04-27T12:18:09","modified_gmt":"2026-04-27T10:18:09","slug":"addwill-entra-al-ranquing-de-despatxos-dadvocats-dexpansion","status":"publish","type":"post","link":"https:\/\/addwill.eu\/ca\/addwill-entra-al-ranquing-de-despatxos-dadvocats-dexpansion\/","title":{"rendered":"addwill entra al r\u00e0nquing de despatxos d\u2019advocats d\u2019Expansi\u00f3n"},"content":{"rendered":"<p>&nbsp;<\/p>\n<p><strong>addwill<\/strong> ha entrat al r\u00e0nquing de despatxos d\u2019advocats publicat per <strong>Expansi\u00f3n<\/strong>, situant-se en la <strong>posici\u00f3 41 entre les principals firmes nacionals<\/strong>.<\/p>\n<p><img decoding=\"async\" class=\"alignnone wp-image-33620\" src=\"https:\/\/addwill.eu\/wp-content\/uploads\/2026\/04\/addwill-Expansion_v5-819x1024.jpg\" alt=\"\" width=\"591\" height=\"738\" srcset=\"https:\/\/addwill.eu\/wp-content\/uploads\/2026\/04\/addwill-Expansion_v5-200x250.jpg 200w, https:\/\/addwill.eu\/wp-content\/uploads\/2026\/04\/addwill-Expansion_v5-240x300.jpg 240w, https:\/\/addwill.eu\/wp-content\/uploads\/2026\/04\/addwill-Expansion_v5-400x500.jpg 400w, https:\/\/addwill.eu\/wp-content\/uploads\/2026\/04\/addwill-Expansion_v5-600x750.jpg 600w, https:\/\/addwill.eu\/wp-content\/uploads\/2026\/04\/addwill-Expansion_v5-768x960.jpg 768w, https:\/\/addwill.eu\/wp-content\/uploads\/2026\/04\/addwill-Expansion_v5-800x1000.jpg 800w, https:\/\/addwill.eu\/wp-content\/uploads\/2026\/04\/addwill-Expansion_v5-819x1024.jpg 819w, https:\/\/addwill.eu\/wp-content\/uploads\/2026\/04\/addwill-Expansion_v5.jpg 1080w\" sizes=\"(max-width: 591px) 100vw, 591px\" \/><\/p>\n<p>Aquest reconeixement posa en valor la consolidaci\u00f3 del projecte d\u2019addwill en un sector especialment exigent i competitiu, aix\u00ed com el comprom\u00eds amb qu\u00e8 l\u2019equip treballa cada dia per oferir un assessorament rigor\u00f3s, proper i especialitzat.<\/p>\n<p style=\"text-align: justify;\">A m\u00e9s, <strong>addwill<\/strong> tamb\u00e9 figura en altres classificacions destacades del r\u00e0nquing, com la d\u2019<strong>activitat a l\u2019exterior<\/strong>, on ocupa la <strong>posici\u00f3 15<\/strong>, reflectint la projecci\u00f3 internacional de la firma i la seva capacitat d\u2019acompanyar clients amb necessitats transversals i globals.<\/p>\n<p><img decoding=\"async\" class=\"alignnone wp-image-33626 size-full\" src=\"https:\/\/addwill.eu\/wp-content\/uploads\/2026\/04\/addwill-Expansion_Exterior_v1.jpg\" alt=\"\" width=\"559\" height=\"562\" srcset=\"https:\/\/addwill.eu\/wp-content\/uploads\/2026\/04\/addwill-Expansion_Exterior_v1-66x66.jpg 66w, https:\/\/addwill.eu\/wp-content\/uploads\/2026\/04\/addwill-Expansion_Exterior_v1-150x150.jpg 150w, https:\/\/addwill.eu\/wp-content\/uploads\/2026\/04\/addwill-Expansion_Exterior_v1-200x201.jpg 200w, https:\/\/addwill.eu\/wp-content\/uploads\/2026\/04\/addwill-Expansion_Exterior_v1-298x300.jpg 298w, https:\/\/addwill.eu\/wp-content\/uploads\/2026\/04\/addwill-Expansion_Exterior_v1-400x402.jpg 400w, https:\/\/addwill.eu\/wp-content\/uploads\/2026\/04\/addwill-Expansion_Exterior_v1.jpg 559w\" sizes=\"(max-width: 559px) 100vw, 559px\" \/><\/p>\n<p>La pres\u00e8ncia en aquest r\u00e0nquing \u00e9s tamb\u00e9 un reconeixement al treball constant de totes les persones que formen part d\u2019addwill i a la confian\u00e7a que els clients dipositen en la firma.<\/p>\n<p>Continuem avan\u00e7ant amb el mateix rigor, comprom\u00eds i vocaci\u00f3 de servei que defineixen la nostra manera d\u2019entendre la professi\u00f3.<\/p>\n<p>Pots consultar la not\u00edcia completa<strong><a href=\"https:\/\/www.expansion.com\/juridico\/actualidad-tendencias\/2026\/04\/20\/69e6704be5fdea94538b4580.html\"><em> aqu\u00ed<\/em>.<\/a><\/strong><\/p>\n","protected":false},"excerpt":{"rendered":"<p>&nbsp; addwill ha entrat al r\u00e0nquing de despatxos d\u2019advocats publicat per Expansi\u00f3n, situant-se en la posici\u00f3 41 entre les principals firmes nacionals. Aquest reconeixement  [&#8230;]<\/p>\n","protected":false},"author":12,"featured_media":33614,"comment_status":"open","ping_status":"open","sticky":false,"template":"","format":"standard","meta":{"footnotes":""},"categories":[1296],"tags":[],"class_list":["post-33613","post","type-post","status-publish","format-standard","has-post-thumbnail","hentry","category-news-ca"],"_links":{"self":[{"href":"https:\/\/addwill.eu\/ca\/wp-json\/wp\/v2\/posts\/33613","targetHints":{"allow":["GET"]}}],"collection":[{"href":"https:\/\/addwill.eu\/ca\/wp-json\/wp\/v2\/posts"}],"about":[{"href":"https:\/\/addwill.eu\/ca\/wp-json\/wp\/v2\/types\/post"}],"author":[{"embeddable":true,"href":"https:\/\/addwill.eu\/ca\/wp-json\/wp\/v2\/users\/12"}],"replies":[{"embeddable":true,"href":"https:\/\/addwill.eu\/ca\/wp-json\/wp\/v2\/comments?post=33613"}],"version-history":[{"count":2,"href":"https:\/\/addwill.eu\/ca\/wp-json\/wp\/v2\/posts\/33613\/revisions"}],"predecessor-version":[{"id":33633,"href":"https:\/\/addwill.eu\/ca\/wp-json\/wp\/v2\/posts\/33613\/revisions\/33633"}],"wp:featuredmedia":[{"embeddable":true,"href":"https:\/\/addwill.eu\/ca\/wp-json\/wp\/v2\/media\/33614"}],"wp:attachment":[{"href":"https:\/\/addwill.eu\/ca\/wp-json\/wp\/v2\/media?parent=33613"}],"wp:term":[{"taxonomy":"category","embeddable":true,"href":"https:\/\/addwill.eu\/ca\/wp-json\/wp\/v2\/categories?post=33613"},{"taxonomy":"post_tag","embeddable":true,"href":"https:\/\/addwill.eu\/ca\/wp-json\/wp\/v2\/tags?post=33613"}],"curies":[{"name":"wp","href":"https:\/\/api.w.org\/{rel}","templated":true}]}}