{"id":35273,"date":"2026-08-31T11:38:54","date_gmt":"2026-08-31T09:38:54","guid":{"rendered":"https:\/\/addwill.eu\/?p=35273"},"modified":"2026-08-31T11:38:54","modified_gmt":"2026-08-31T09:38:54","slug":"la-prova-en-el-nou-judici-verbal","status":"publish","type":"post","link":"https:\/\/addwill.eu\/ca\/la-prova-en-el-nou-judici-verbal\/","title":{"rendered":"La prova en el nou judici verbal"},"content":{"rendered":"<p>&nbsp;<\/p>\n<p style=\"text-align: justify;\">Amb l&#8217;entrada en vigor de la \u00ab<strong><em>Llei Org\u00e0nica 1\/2025, de 2 de gener, de mesures en mat\u00e8ria d&#8217;efici\u00e8ncia del Servei P\u00fablic de Just\u00edcia<\/em><\/strong>\u00ab, s&#8217;han produ\u00eft, entre altres variacions, la <strong>modificaci\u00f3 del procediment de judici verbal<\/strong>, que es troba regulat als articles 437 a 447 de la Llei d&#8217;Enjudiciament Civil (d&#8217;ara endavant LEC), i especialment la tramitaci\u00f3 de la prova.<\/p>\n<p style=\"text-align: justify;\">Anteriorment, en el procediment de judici verbal, un cop es presentava la demanda i la contestaci\u00f3, existia la possibilitat d&#8217;acordar la celebraci\u00f3 de la vista, sempre que fos sol\u00b7licitada per almenys una de les parts, o perqu\u00e8 el tribunal consider\u00e9s que era necess\u00e0ria la seva celebraci\u00f3.<\/p>\n<p style=\"text-align: justify;\"><strong>La vista en el judici verbal es tramitava de la manera seg\u00fcent<\/strong>:<\/p>\n<ul style=\"text-align: justify;\">\n<li>A l&#8217;inici de la vista es fixaven els fets controvertits, \u00e9s a dir, els fets sobre els quals existia discrep\u00e0ncia entre les parts, i un cop delimitats es realitzava la proposici\u00f3 de la prova. Tot i que pr\u00e8viament, quan el Jutjat assenyalava la data de la vista, es requeria a les parts que sol\u00b7licitessin per via judicial la declaraci\u00f3 d&#8217;aquelles parts, testimonis o p\u00e8rits que no poguessin aportar per elles mateixes, \u00e9s a dir, la seva citaci\u00f3 judicial, aquestes citacions judicials no constitu\u00efen per elles mateixes l&#8217;admissi\u00f3 d&#8217;aquestes proves, perqu\u00e8 el moment processal oport\u00fa per a l&#8217;admissi\u00f3 de la prova es produ\u00efa en el mateix moment de la vista.<\/li>\n<li>Un cop realitzada la proposici\u00f3 de prova, i admesa la prova a practicar, es podien interposar els recursos oportuns, per estar o no conforme amb l&#8217;admissi\u00f3 o no de les proves, i es duia a terme la pr\u00e0ctica de les proves acceptades.<\/li>\n<li>Un cop practicada tota la prova, el judici quedava vist per a Sent\u00e8ncia, sense que estigu\u00e9s prevista la realitzaci\u00f3 de conclusions en el judici verbal, a difer\u00e8ncia del procediment ordinari, quedant a l&#8217;arbitri de cada tribunal la realitzaci\u00f3 d&#8217;aquestes conclusions.<\/li>\n<\/ul>\n<p style=\"text-align: justify;\">Les <strong>variacions m\u00e9s rellevants<\/strong> que es produeixen en el nou judici s\u00f3n les que es citen a continuaci\u00f3:<\/p>\n<ol style=\"text-align: justify;\">\n<li>Un cop presentada la contestaci\u00f3 a la demanda, el tribunal concedeix un termini de cinc dies per a la proposici\u00f3 i pr\u00e0ctica de prova, aix\u00ed com per realitzar al\u00b7legacions respecte de les q\u00fcestions processals al\u00b7legades en la contestaci\u00f3 a la demanda.<\/li>\n<li>Un cop realitzada per les parts la proposici\u00f3 de prova, el Tribunal dicta resoluci\u00f3, interlocut\u00f2ria o provid\u00e8ncia, admetent o no la pr\u00e0ctica sol\u00b7licitada per cadascuna de les parts.<\/li>\n<li>Contra la Interlocut\u00f2ria que admet o no la prova proposada, cap recurs de reposici\u00f3 i\/o protesta.<\/li>\n<li>En l&#8217;acte de la Vista no es poden proposar m\u00e9s proves, at\u00e8s que el moment per a la proposici\u00f3 de prova, que \u00e9s el concedit pel tribunal amb un termini de cinc dies des de la contestaci\u00f3 a la demanda, \u00e9s preclusiu.<\/li>\n<li>El dia de la vista, a l&#8217;inici, es fixen els fets controvertits i es duu a terme la pr\u00e0ctica de tota la prova admesa.<\/li>\n<\/ol>\n<p style=\"text-align: justify;\">La nova regulaci\u00f3 de la prova en el judici verbal t\u00e9 <strong>avantatges i inconvenients<\/strong>:<\/p>\n<ul style=\"text-align: justify;\">\n<li>Considerem que el m\u00e9s favorable \u00e9s que no es realitzaran citacions judicials que despr\u00e9s no es duguin a terme, q\u00fcesti\u00f3 que succe\u00efa abans, perqu\u00e8 actualment quan s&#8217;acorda la citaci\u00f3 judicial \u00e9s sobre una prova proposada i admesa pel tribunal.<\/li>\n<li>Tanmateix, considerem que existeixen diversos inconvenients en aquesta regulaci\u00f3:<\/li>\n<\/ul>\n<ol style=\"text-align: justify;\">\n<li>Primer, perqu\u00e8 es fixa i s&#8217;admet la pr\u00e0ctica de prova sense que s&#8217;hagin fixat els fets controvertits, i aix\u00f2 pot portar al fet que s&#8217;admeti m\u00e9s prova de la necess\u00e0ria.<\/li>\n<li>La tramitaci\u00f3 de les q\u00fcestions processals i l&#8217;admissi\u00f3 de la prova es tramita per escrit, la qual cosa comporta que es perdi l&#8217;oralitat i la immediatesa, caracter\u00edstica dels procediments judicials i del judici verbal.<\/li>\n<li>Tercer, anteriorment existia una mena d&#8217;audi\u00e8ncia pr\u00e8via dins de la vista, a l&#8217;inici, i ara aquesta tramitaci\u00f3 es fa per escrit, la qual cosa pot comportar la demora en la tramitaci\u00f3 dels procediments.<\/li>\n<\/ol>\n<p style=\"text-align: justify;\">En termes generals, <strong>el legislador suprimeix part de l&#8217;oralitat i la immediatesa caracter\u00edstica dels procediments judicials<\/strong>, fet que alenteix la tramitaci\u00f3 del procediment judicial, i aix\u00f2 comporta menys efic\u00e0cia, m\u00e9s retards en la tramitaci\u00f3 dels procediments, menys garanties processals i m\u00e9s c\u00e0rrega de treball per als tribunals.<\/p>\n<p style=\"text-align: justify;\">Es considera que aquesta situaci\u00f3 pot afectar el principi general i el dret a la tutela judicial efectiva i a la tramitaci\u00f3 d&#8217;un proc\u00e9s p\u00fablic sense dilacions indegudes i amb totes les garanties, de conformitat amb el que estableix l&#8217;article 24 de la Constituci\u00f3 Espanyola. No obstant aix\u00f2, en ser aquestes novetats recents, caldr\u00e0 estar al resultat de la tramitaci\u00f3 dels procediments i a la seva evoluci\u00f3.<\/p>\n<p style=\"text-align: justify;\">A <strong>addwill<\/strong>, estem a la teva disposici\u00f3 si desitges ampliar la informaci\u00f3 i l&#8217;assessorament al respecte per part dels nostres professionals experts.<\/p>\n<p style=\"text-align: justify;\">Autora:<\/p>\n<p style=\"text-align: justify;\"><strong>Olga Moreno<\/strong><\/p>\n<p style=\"text-align: justify;\">Manager, Departament Processal, addwill<\/p>\n","protected":false},"excerpt":{"rendered":"<p>&nbsp; Amb l&#8217;entrada en vigor de la \u00abLlei Org\u00e0nica 1\/2025, de 2 de gener, de mesures en mat\u00e8ria d&#8217;efici\u00e8ncia del Servei P\u00fablic de Just\u00edcia\u00ab,  [&#8230;]<\/p>\n","protected":false},"author":12,"featured_media":35277,"comment_status":"open","ping_status":"open","sticky":false,"template":"","format":"standard","meta":{"footnotes":""},"categories":[2378],"tags":[],"class_list":["post-35273","post","type-post","status-publish","format-standard","has-post-thumbnail","hentry","category-procesal-ca"],"_links":{"self":[{"href":"https:\/\/addwill.eu\/ca\/wp-json\/wp\/v2\/posts\/35273","targetHints":{"allow":["GET"]}}],"collection":[{"href":"https:\/\/addwill.eu\/ca\/wp-json\/wp\/v2\/posts"}],"about":[{"href":"https:\/\/addwill.eu\/ca\/wp-json\/wp\/v2\/types\/post"}],"author":[{"embeddable":true,"href":"https:\/\/addwill.eu\/ca\/wp-json\/wp\/v2\/users\/12"}],"replies":[{"embeddable":true,"href":"https:\/\/addwill.eu\/ca\/wp-json\/wp\/v2\/comments?post=35273"}],"version-history":[{"count":1,"href":"https:\/\/addwill.eu\/ca\/wp-json\/wp\/v2\/posts\/35273\/revisions"}],"predecessor-version":[{"id":35283,"href":"https:\/\/addwill.eu\/ca\/wp-json\/wp\/v2\/posts\/35273\/revisions\/35283"}],"wp:featuredmedia":[{"embeddable":true,"href":"https:\/\/addwill.eu\/ca\/wp-json\/wp\/v2\/media\/35277"}],"wp:attachment":[{"href":"https:\/\/addwill.eu\/ca\/wp-json\/wp\/v2\/media?parent=35273"}],"wp:term":[{"taxonomy":"category","embeddable":true,"href":"https:\/\/addwill.eu\/ca\/wp-json\/wp\/v2\/categories?post=35273"},{"taxonomy":"post_tag","embeddable":true,"href":"https:\/\/addwill.eu\/ca\/wp-json\/wp\/v2\/tags?post=35273"}],"curies":[{"name":"wp","href":"https:\/\/api.w.org\/{rel}","templated":true}]}}