{"id":9659,"date":"2021-02-02T11:42:37","date_gmt":"2021-02-02T11:42:37","guid":{"rendered":"https:\/\/addwill.eu\/pla-dajuts-de-la-generalitat-als-mes-afectats-per-la-covid-19\/"},"modified":"2021-02-02T11:45:04","modified_gmt":"2021-02-02T11:45:04","slug":"pla-dajuts-de-la-generalitat-als-mes-afectats-per-la-covid-19","status":"publish","type":"post","link":"https:\/\/addwill.eu\/ca\/pla-dajuts-de-la-generalitat-als-mes-afectats-per-la-covid-19\/","title":{"rendered":"Pla\u00a0d&#8217;ajuts de la Generalitat als m\u00e9s afectats\u00a0per la COVID-19"},"content":{"rendered":"<p style=\"text-align: justify;\">El Govern de la Generalitat ha presentat un nou pla d&#8217;ajuts directes i de car\u00e0cter trimestral per donar suport als m\u00e9s afectats\u00a0per la COVID-19, disposant d&#8217;un pressupost de 618 milions d&#8217;euros de gener a mar\u00e7, els destinataris dels quals seran principalment:<\/p>\n<ul style=\"text-align: justify;\">\n<li>Treballadors aut\u00f2noms que han vist redu\u00efts els seus ingressos.<\/li>\n<li>Micro i petites empreses que han patit una caiguda substancial de la seva facturaci\u00f3 i que es comprometen a mantenir els llocs de treball.<\/li>\n<li>Persones treballadores que estiguin en un expedient de regulaci\u00f3 temporal d&#8217;ocupaci\u00f3 (ERTO).<\/li>\n<li>Els sectors m\u00e9s afectats per les restriccions.<\/li>\n<\/ul>\n<p style=\"text-align: justify;\">El Pla inclou quatre punts:<\/p>\n<p style=\"text-align: justify;\"><strong>Reedici\u00f3 dels ajuts per a aut\u00f2noms<\/strong><\/p>\n<ul style=\"text-align: justify;\">\n<li>L&#8217;ajut ser\u00e0 de 2.000 euros per a persones treballadores aut\u00f2nomes.<\/li>\n<li>El pressupost estimat \u00e9s de 280 milions d&#8217;euros, per tant beneficiaria aproximadament 140.000 aut\u00f2noms.<\/li>\n<li>Requisits: base imposable de l&#8217;IRPF l&#8217;any 2019 igual o inferior a 35.000 euros\/any, amb rendiment net l&#8217;any 2020 igual o inferior a 17.500 euros.<\/li>\n<li>Podran accedir-hi les persones que ja el van rebre i aquelles que potser aleshores no complien amb els requisits i ara s\u00ed.<\/li>\n<li>La\u00a0 sol\u00b7licitud \u00e9s a partir del registre a una nova base de dades d&#8217;aut\u00f2noms.<\/li>\n<li>\u00danicament ser\u00e0 necessari complir amb els requisits per registrar-se a la base de dades i es podr\u00e0\u00a0accedir a l&#8217;ajut directament.<\/li>\n<\/ul>\n<p style=\"text-align: justify;\"><strong>Nou ajut directe a treballadors en situaci\u00f3 d&#8217;ERTO<\/strong><\/p>\n<ul style=\"text-align: justify;\">\n<li>Ajuts directes per a treballadors de qualsevol sector que es trobin en ERTO.<\/li>\n<li>Pressupost de 105 milions d&#8217;euros i \u00a0previsi\u00f3 d&#8217;arribar a 175.000 persones aproximadament.<\/li>\n<li>L&#8217;import per beneficiari ser\u00e0 d&#8217;un m\u00ednim de 600 euros\u00a0(s&#8217;ha d&#8217;acabar de concretar amb els agents socials).<\/li>\n<\/ul>\n<p style=\"text-align: justify;\"><strong>Nou ajut per a la formaci\u00f3 de\u00a0treballadors en ERTO<\/strong><\/p>\n<ul style=\"text-align: justify;\">\n<li>Destinat a treballadors que es troben en ERTO, prioritzant els sectors m\u00e9s afectats.<\/li>\n<li>L&#8217;objectiu \u00e9s recon\u00e8ixer l&#8217;experi\u00e8ncia laboral dels treballadors i ajudar en la seva reorientaci\u00f3 i requalificaci\u00f3.<\/li>\n<li>Es destinar\u00e0 als ajuts a la formaci\u00f3 25 milions d&#8217;euros i es preveu beneficiar 10.000 persones.<\/li>\n<\/ul>\n<p style=\"text-align: justify;\"><strong>Ajuts per a petites i micro empreses en ERTO dirigides a mantenir els llocs de treball<\/strong><\/p>\n<ul style=\"text-align: justify;\">\n<li>Es destinaran 208 milions d&#8217;euros.<\/li>\n<li>Per a empreses de menys de 50 treballadors amb una facturaci\u00f3 de fins a 10 milions d&#8217;euros anuals que tinguin treballadors en ERTO a 31 de desembre de 2020.<\/li>\n<li>L&#8217;ajut ser\u00e0 de 2.000 euros per treballador a jornada completa en ERTO amb un m\u00e0xim de 30.000 euros per empresa.<\/li>\n<li>Els 208 milions cobriran els treballadors en ERTO de les micro i petites empreses, que s\u00f3n un total de 104.000.<\/li>\n<li>Per poder accedir als ajuts, l&#8217;empresa haur\u00e0 de comprometre&#8217;s a mantenir la contractaci\u00f3 dels treballadors fins al 31 de desembre de 2021; en cas d&#8217;incompliment, perdr\u00e0 la totalitat de la subvenci\u00f3.<\/li>\n<li>Per rebre l&#8217;ajut, els sol\u00b7licitants nom\u00e9s hauran de fer un certificat d&#8217;auto responsabilitat i el control administratiu del compliment dels requisits es far\u00e0 un cop fet el pagament.<\/li>\n<\/ul>\n<p style=\"text-align: justify;\">Aquests ajuts es poden acumular a altres subvencions o ajuts p\u00fablics i\/o privats ja sol\u00b7licitats o que es puguin posar en marxa en un futur.<\/p>\n<p style=\"text-align: justify;\">Davant de qualsevol dubte o si volen\u00a0iniciar algun procediment, poden contactar amb el Departament Laboral.<\/p>\n","protected":false},"excerpt":{"rendered":"<p>El Govern de la Generalitat ha presentat un nou pla d&#8217;ajuts directes i de car\u00e0cter trimestral per donar suport als m\u00e9s afectats\u00a0per la COVID-19,  [&#8230;]<\/p>\n","protected":false},"author":14,"featured_media":9657,"comment_status":"open","ping_status":"open","sticky":false,"template":"","format":"standard","meta":{"footnotes":""},"categories":[1002],"tags":[],"class_list":["post-9659","post","type-post","status-publish","format-standard","has-post-thumbnail","hentry","category-laboral-ca"],"_links":{"self":[{"href":"https:\/\/addwill.eu\/ca\/wp-json\/wp\/v2\/posts\/9659","targetHints":{"allow":["GET"]}}],"collection":[{"href":"https:\/\/addwill.eu\/ca\/wp-json\/wp\/v2\/posts"}],"about":[{"href":"https:\/\/addwill.eu\/ca\/wp-json\/wp\/v2\/types\/post"}],"author":[{"embeddable":true,"href":"https:\/\/addwill.eu\/ca\/wp-json\/wp\/v2\/users\/14"}],"replies":[{"embeddable":true,"href":"https:\/\/addwill.eu\/ca\/wp-json\/wp\/v2\/comments?post=9659"}],"version-history":[{"count":2,"href":"https:\/\/addwill.eu\/ca\/wp-json\/wp\/v2\/posts\/9659\/revisions"}],"predecessor-version":[{"id":9661,"href":"https:\/\/addwill.eu\/ca\/wp-json\/wp\/v2\/posts\/9659\/revisions\/9661"}],"wp:featuredmedia":[{"embeddable":true,"href":"https:\/\/addwill.eu\/ca\/wp-json\/wp\/v2\/media\/9657"}],"wp:attachment":[{"href":"https:\/\/addwill.eu\/ca\/wp-json\/wp\/v2\/media?parent=9659"}],"wp:term":[{"taxonomy":"category","embeddable":true,"href":"https:\/\/addwill.eu\/ca\/wp-json\/wp\/v2\/categories?post=9659"},{"taxonomy":"post_tag","embeddable":true,"href":"https:\/\/addwill.eu\/ca\/wp-json\/wp\/v2\/tags?post=9659"}],"curies":[{"name":"wp","href":"https:\/\/api.w.org\/{rel}","templated":true}]}}