{"id":14529,"date":"2023-02-22T08:40:00","date_gmt":"2023-02-22T08:40:00","guid":{"rendered":"https:\/\/addwill.eu\/addwill-advises-the-constitution-of-the-cluster-de-residus-de-catalunya\/"},"modified":"2023-02-22T08:40:58","modified_gmt":"2023-02-22T08:40:58","slug":"addwill-advises-the-constitution-of-the-cluster-de-residus-de-catalunya","status":"publish","type":"post","link":"https:\/\/addwill.eu\/en\/addwill-advises-the-constitution-of-the-cluster-de-residus-de-catalunya\/","title":{"rendered":"Addwill advises the constitution of the Cl\u00faster de Residus de Catalunya"},"content":{"rendered":"<p>&nbsp;<\/p>\n<p style=\"text-align: justify;\">On January 18, the partners <strong>Joan Jov\u00e9<\/strong> and <strong>Guillem Hors<\/strong> and the lawyer <strong>Maria Rodr\u00edguez<\/strong> had the honor of participating in the act of establishing the Cl\u00faster de Residus of Catalunya, which took place at the CosmoCaixa Science Museum in Barcelona.<\/p>\n<p style=\"text-align: justify;\"><strong>Addwill<\/strong> ha llevado a cabo el <strong>asesoramiento en el proceso de constituci\u00f3n del CL\u00daSTER DE RESIDUS DE CATALUNYA<\/strong> por encargo de la Generalitat de Catalunya. Este proyecto ha sido impulsado gracias a la colaboraci\u00f3n entre el sector p\u00fablico, liderado por el Departament d\u2019Empresa i Treball, a trav\u00e9s de ACCI\u00d3 y por el Departament d\u2019Acci\u00f3 Clim\u00e0tica, Alimentaci\u00f3 i Agenda Rural, a trav\u00e9s de la Ag\u00e8ncia de Residus de Catalunya, junto con el sector privado, universidades, agentes del entorno y centros de investigaci\u00f3n.<\/p>\n<p style=\"text-align: justify;\"><strong>Addwill <\/strong>has provided <strong>advice in the process of setting up the CLUSTER DE RESIDUS DE CATALUNYA<\/strong> at the request of the Generalitat de Catalunya. This project has been promoted thanks to the collaboration between the public sector, led by the Department of Business and Work, through ACCI\u00d3 and by the Department of Climate Action, Food and Rural Agenda, through the Ag\u00e8ncia de Residus de Catalunya, together with the private sector, universities, environmental agents and research centers.<\/p>\n<p style=\"text-align: justify;\">The new C\u00faster de Residus de Catalunya was created with 30 companies and agents from the sector linked to the field of waste. The main objectives of the cluster are to establish itself as a dynamic element of the competitiveness of companies in the waste sector, promote joint work between all members and the entire value chain of the sector, promote its internationalization, promote innovation and I +D, among others.<\/p>\n<p style=\"text-align: justify;\">The waste sector in Catalunya is made up of 693 companies, which generate 1,000 million euros of income and employ 41,000 workers.<\/p>\n<p style=\"text-align: justify;\">The presentation ceremony was chaired by the consellera of Acci\u00f3 Clim\u00e0tica, Alimentaci\u00f3 i Agenda Rural, Teresa Jord\u00e0 and was attended, among others, by the Secretary for Business and Competitiveness and CEO of ACCI\u00d3, Albert Castellanos, the Director of the Ag\u00e8ncia de Residus de Catalunya, Isaac Peraire, the director of ACCI\u00d3&#8217;s Strategic Business Unit, Joan Mart\u00ed, and the President of the Cluster, Elisabet Alier.<\/p>\n<p style=\"text-align: justify;\">For <strong>addwill<\/strong> it is a pleasure and a pride to have participated in the process of creating the cluster and to be able to accompany our clients in their growth, providing our professional advice and all our support.<\/p>\n<p style=\"text-align: justify;\">We take this opportunity to invite you to browse our website and learn more about <strong>addwill <\/strong>and its professionals; If you wish to obtain our advice, do not hesitate to contact us through this <a href=\"https:\/\/addwill.eu\/en\/contact-us\/\"><em>form<\/em><\/a>. We will be happy to help you.<\/p>\n","protected":false},"excerpt":{"rendered":"<p>&nbsp; On January 18, the partners Joan Jov\u00e9 and Guillem Hors and the lawyer Maria Rodr\u00edguez had the honor of participating in the act  [&#8230;]<\/p>\n","protected":false},"author":14,"featured_media":14524,"comment_status":"open","ping_status":"open","sticky":false,"template":"","format":"standard","meta":{"footnotes":""},"categories":[1311],"tags":[],"class_list":["post-14529","post","type-post","status-publish","format-standard","has-post-thumbnail","hentry","category-news-en"],"_links":{"self":[{"href":"https:\/\/addwill.eu\/en\/wp-json\/wp\/v2\/posts\/14529","targetHints":{"allow":["GET"]}}],"collection":[{"href":"https:\/\/addwill.eu\/en\/wp-json\/wp\/v2\/posts"}],"about":[{"href":"https:\/\/addwill.eu\/en\/wp-json\/wp\/v2\/types\/post"}],"author":[{"embeddable":true,"href":"https:\/\/addwill.eu\/en\/wp-json\/wp\/v2\/users\/14"}],"replies":[{"embeddable":true,"href":"https:\/\/addwill.eu\/en\/wp-json\/wp\/v2\/comments?post=14529"}],"version-history":[{"count":1,"href":"https:\/\/addwill.eu\/en\/wp-json\/wp\/v2\/posts\/14529\/revisions"}],"predecessor-version":[{"id":14530,"href":"https:\/\/addwill.eu\/en\/wp-json\/wp\/v2\/posts\/14529\/revisions\/14530"}],"wp:featuredmedia":[{"embeddable":true,"href":"https:\/\/addwill.eu\/en\/wp-json\/wp\/v2\/media\/14524"}],"wp:attachment":[{"href":"https:\/\/addwill.eu\/en\/wp-json\/wp\/v2\/media?parent=14529"}],"wp:term":[{"taxonomy":"category","embeddable":true,"href":"https:\/\/addwill.eu\/en\/wp-json\/wp\/v2\/categories?post=14529"},{"taxonomy":"post_tag","embeddable":true,"href":"https:\/\/addwill.eu\/en\/wp-json\/wp\/v2\/tags?post=14529"}],"curies":[{"name":"wp","href":"https:\/\/api.w.org\/{rel}","templated":true}]}}