{"id":20581,"date":"2024-06-10T09:27:55","date_gmt":"2024-06-10T07:27:55","guid":{"rendered":"https:\/\/addwill.eu\/?p=20581"},"modified":"2024-06-10T09:27:55","modified_gmt":"2024-06-10T07:27:55","slug":"attendance-of-beatriz-argiles-at-the-congress-of-the-spanish-german-association-of-jurists-in-schwabisch-gmund","status":"publish","type":"post","link":"https:\/\/addwill.eu\/en\/attendance-of-beatriz-argiles-at-the-congress-of-the-spanish-german-association-of-jurists-in-schwabisch-gmund\/","title":{"rendered":"Attendance of Beatriz Argil\u00e9s at the Congress of the Spanish-German Association of Jurists in Schw\u00e4bisch Gm\u00fcnd"},"content":{"rendered":"<p>&nbsp;<\/p>\n<p style=\"text-align: justify;\"><strong>Beatriz Argil\u00e9s<\/strong>, director of the International Desk at <strong>addwill<\/strong>, attended the <strong>annual<\/strong> <strong>Congress of the Spanish-German Association of Jurists (AHAJ)<\/strong> in Schw\u00e4bisch Gm\u00fcnd (CCS) from May 28 to June 1.<\/p>\n<p style=\"text-align: justify;\">The event, which celebrated the fortieth anniversary of the AHAJ, was a fundamental platform for addressing relevant and current topics in the legal field.<\/p>\n<p style=\"text-align: justify;\">Among the topics discussed during the congress were crucial aspects of law, such as the constitution of commercial companies with transnational components, civil liability derived from the use of artificial intelligence, the criminal liability of legal persons, and the division of common property in Spain and Germany. The diversity of topics reflected the complexity and diversity of legal challenges faced by legal professionals today.<\/p>\n<p><img decoding=\"async\" class=\"alignnone wp-image-20572 size-full\" src=\"https:\/\/addwill.eu\/wp-content\/uploads\/2024\/06\/conferencia-Bea-4-e1718004270979.jpg\" alt=\"\" width=\"612\" height=\"299\" \/><\/p>\n<p style=\"text-align: justify;\">The success of the congress is attributed to the participation and commitment demonstrated by the members, whose role remains fundamental to the growth and development of the association. The annual congresses of the AHAJ have consolidated themselves as high-level academic events that offer continuous training and networking opportunities, thus strengthening its position as the main platform for Spanish-German legal exchange.<\/p>\n<p style=\"text-align: justify;\">The Spanish-German Association of Jurists, established in 1984 by 160 jurists from both countries and now with nearly 900 members, represents a key meeting point for legal professionals in the region. Its diverse membership, which includes professors, judges, lawyers, law students, and legal translators, reflects its commitment to enriching legal knowledge and strengthening professional ties between Spain and Germany.<\/p>\n<p style=\"text-align: justify;\">We take this opportunity to invite you to explore our website to learn more about <strong>addwill<\/strong> and its team of experts. If you wish to obtain legal advice, do not hesitate to contact us through our <a href=\"https:\/\/addwill.eu\/en\/contact-us\/\"><em>form<\/em><\/a>. We will be happy to help you resolve your legal needs efficiently and professionally.<\/p>\n","protected":false},"excerpt":{"rendered":"<p>&nbsp; Beatriz Argil\u00e9s, director of the International Desk at addwill, attended the annual Congress of the Spanish-German Association of Jurists (AHAJ) in Schw\u00e4bisch Gm\u00fcnd  [&#8230;]<\/p>\n","protected":false},"author":12,"featured_media":20577,"comment_status":"open","ping_status":"open","sticky":false,"template":"","format":"standard","meta":{"footnotes":""},"categories":[1311],"tags":[],"class_list":["post-20581","post","type-post","status-publish","format-standard","has-post-thumbnail","hentry","category-news-en"],"_links":{"self":[{"href":"https:\/\/addwill.eu\/en\/wp-json\/wp\/v2\/posts\/20581","targetHints":{"allow":["GET"]}}],"collection":[{"href":"https:\/\/addwill.eu\/en\/wp-json\/wp\/v2\/posts"}],"about":[{"href":"https:\/\/addwill.eu\/en\/wp-json\/wp\/v2\/types\/post"}],"author":[{"embeddable":true,"href":"https:\/\/addwill.eu\/en\/wp-json\/wp\/v2\/users\/12"}],"replies":[{"embeddable":true,"href":"https:\/\/addwill.eu\/en\/wp-json\/wp\/v2\/comments?post=20581"}],"version-history":[{"count":1,"href":"https:\/\/addwill.eu\/en\/wp-json\/wp\/v2\/posts\/20581\/revisions"}],"predecessor-version":[{"id":20582,"href":"https:\/\/addwill.eu\/en\/wp-json\/wp\/v2\/posts\/20581\/revisions\/20582"}],"wp:featuredmedia":[{"embeddable":true,"href":"https:\/\/addwill.eu\/en\/wp-json\/wp\/v2\/media\/20577"}],"wp:attachment":[{"href":"https:\/\/addwill.eu\/en\/wp-json\/wp\/v2\/media?parent=20581"}],"wp:term":[{"taxonomy":"category","embeddable":true,"href":"https:\/\/addwill.eu\/en\/wp-json\/wp\/v2\/categories?post=20581"},{"taxonomy":"post_tag","embeddable":true,"href":"https:\/\/addwill.eu\/en\/wp-json\/wp\/v2\/tags?post=20581"}],"curies":[{"name":"wp","href":"https:\/\/api.w.org\/{rel}","templated":true}]}}